{"id":5363,"date":"2023-06-23T09:49:28","date_gmt":"2023-06-23T07:49:28","guid":{"rendered":"https:\/\/formkraft.dk\/tekstilerne-tilfoerer-menneskelighed-til-vores-offentlige-rum\/"},"modified":"2023-07-07T16:38:05","modified_gmt":"2023-07-07T14:38:05","slug":"textiles-bring-humanity-to-our-public-spaces","status":"publish","type":"post","link":"https:\/\/formkraft.dk\/en\/textiles-bring-humanity-to-our-public-spaces\/","title":{"rendered":"Textiles bring humanity to our public spaces"},"content":{"rendered":"","protected":false},"excerpt":{"rendered":"","protected":false},"author":14,"featured_media":5354,"comment_status":"closed","ping_status":"closed","sticky":false,"template":"","format":"standard","meta":{"_acf_changed":false,"footnotes":""},"categories":[111,100],"tags":[],"class_list":["post-5363","post","type-post","status-publish","format-standard","has-post-thumbnail","hentry","category-decorations","category-textile","theme-urban-spaces","article_type-interview-en"],"acf":[],"yoast_head":"<!-- This site is optimized with the Yoast SEO plugin v27.1.1 - https:\/\/yoast.com\/product\/yoast-seo-wordpress\/ -->\n<title>Textiles bring humanity to our public spaces - Formkraft<\/title>\n<meta name=\"description\" content=\"Tekstilerne forbinder rum, kunst og mennesker. Sanne Ransby fort\u00e6ller om tekstilernes v\u00e6rdi i offentlige rum og sin egen inspiration.\" \/>\n<meta name=\"robots\" content=\"index, follow, max-snippet:-1, max-image-preview:large, max-video-preview:-1\" \/>\n<link rel=\"canonical\" href=\"https:\/\/formkraft.dk\/en\/textiles-bring-humanity-to-our-public-spaces\/\" \/>\n<meta property=\"og:locale\" content=\"en_US\" \/>\n<meta property=\"og:type\" content=\"article\" \/>\n<meta property=\"og:title\" content=\"Tekstilerne tilf\u00f8rer menneskelighed til vores offentlige rum\" \/>\n<meta property=\"og:description\" content=\"Billedv\u00e6ver Sanne Ransbys tekstiler h\u00e6nger blandt andet i \u00d8stre Landsret. Her fort\u00e6ller hun om den v\u00e6rdi tekstilerne tilf\u00f8rer offentlige rum. L\u00e6s interview p\u00e5 Formkraft\" \/>\n<meta property=\"og:url\" content=\"https:\/\/formkraft.dk\/en\/textiles-bring-humanity-to-our-public-spaces\/\" \/>\n<meta property=\"og:site_name\" content=\"Formkraft\" \/>\n<meta property=\"article:published_time\" content=\"2023-06-23T07:49:28+00:00\" \/>\n<meta property=\"article:modified_time\" content=\"2023-07-07T14:38:05+00:00\" \/>\n<meta property=\"og:image\" content=\"https:\/\/formkraft.dk\/wp-content\/uploads\/2023\/06\/LOW_Sampled_Horizon_Sanne_Ransby_2021_website_Photo_Andreas_Bang_Kirkegaard.jpg\" \/>\n\t<meta property=\"og:image:width\" content=\"2000\" \/>\n\t<meta property=\"og:image:height\" content=\"2500\" \/>\n\t<meta property=\"og:image:type\" content=\"image\/jpeg\" \/>\n<meta name=\"author\" content=\"Helle Severinsen\" \/>\n<meta name=\"twitter:card\" content=\"summary_large_image\" \/>\n<meta name=\"twitter:label1\" content=\"Written by\" \/>\n\t<meta name=\"twitter:data1\" content=\"Helle Severinsen\" \/>\n<script type=\"application\/ld+json\" class=\"yoast-schema-graph\">{\"@context\":\"https:\/\/schema.org\",\"@graph\":[{\"@type\":\"Article\",\"@id\":\"https:\/\/formkraft.dk\/en\/textiles-bring-humanity-to-our-public-spaces\/#article\",\"isPartOf\":{\"@id\":\"https:\/\/formkraft.dk\/en\/textiles-bring-humanity-to-our-public-spaces\/\"},\"author\":{\"name\":\"Helle Severinsen\",\"@id\":\"https:\/\/formkraft.dk\/#\/schema\/person\/02fb9bdd0cd40f262ed9f00aee9fe076\"},\"headline\":\"Textiles bring humanity to our public spaces\",\"datePublished\":\"2023-06-23T07:49:28+00:00\",\"dateModified\":\"2023-07-07T14:38:05+00:00\",\"mainEntityOfPage\":{\"@id\":\"https:\/\/formkraft.dk\/en\/textiles-bring-humanity-to-our-public-spaces\/\"},\"wordCount\":7,\"publisher\":{\"@id\":\"https:\/\/formkraft.dk\/#organization\"},\"image\":{\"@id\":\"https:\/\/formkraft.dk\/en\/textiles-bring-humanity-to-our-public-spaces\/#primaryimage\"},\"thumbnailUrl\":\"https:\/\/formkraft.dk\/wp-content\/uploads\/2023\/06\/LOW_Sampled_Horizon_Sanne_Ransby_2021_website_Photo_Andreas_Bang_Kirkegaard.jpg\",\"articleSection\":[\"Decoration\",\"Textile\"],\"inLanguage\":\"en-US\"},{\"@type\":\"WebPage\",\"@id\":\"https:\/\/formkraft.dk\/en\/textiles-bring-humanity-to-our-public-spaces\/\",\"url\":\"https:\/\/formkraft.dk\/en\/textiles-bring-humanity-to-our-public-spaces\/\",\"name\":\"Textiles bring humanity to our public spaces - Formkraft\",\"isPartOf\":{\"@id\":\"https:\/\/formkraft.dk\/#website\"},\"primaryImageOfPage\":{\"@id\":\"https:\/\/formkraft.dk\/en\/textiles-bring-humanity-to-our-public-spaces\/#primaryimage\"},\"image\":{\"@id\":\"https:\/\/formkraft.dk\/en\/textiles-bring-humanity-to-our-public-spaces\/#primaryimage\"},\"thumbnailUrl\":\"https:\/\/formkraft.dk\/wp-content\/uploads\/2023\/06\/LOW_Sampled_Horizon_Sanne_Ransby_2021_website_Photo_Andreas_Bang_Kirkegaard.jpg\",\"datePublished\":\"2023-06-23T07:49:28+00:00\",\"dateModified\":\"2023-07-07T14:38:05+00:00\",\"description\":\"Tekstilerne forbinder rum, kunst og mennesker. Sanne Ransby fort\u00e6ller om tekstilernes v\u00e6rdi i offentlige rum og sin egen inspiration.\",\"breadcrumb\":{\"@id\":\"https:\/\/formkraft.dk\/en\/textiles-bring-humanity-to-our-public-spaces\/#breadcrumb\"},\"inLanguage\":\"en-US\",\"potentialAction\":[{\"@type\":\"ReadAction\",\"target\":[\"https:\/\/formkraft.dk\/en\/textiles-bring-humanity-to-our-public-spaces\/\"]}]},{\"@type\":\"ImageObject\",\"inLanguage\":\"en-US\",\"@id\":\"https:\/\/formkraft.dk\/en\/textiles-bring-humanity-to-our-public-spaces\/#primaryimage\",\"url\":\"https:\/\/formkraft.dk\/wp-content\/uploads\/2023\/06\/LOW_Sampled_Horizon_Sanne_Ransby_2021_website_Photo_Andreas_Bang_Kirkegaard.jpg\",\"contentUrl\":\"https:\/\/formkraft.dk\/wp-content\/uploads\/2023\/06\/LOW_Sampled_Horizon_Sanne_Ransby_2021_website_Photo_Andreas_Bang_Kirkegaard.jpg\",\"width\":2000,\"height\":2500,\"caption\":\"Billedv\u00e6ver Sanne Ransby. Fotograf Iben West.\"},{\"@type\":\"BreadcrumbList\",\"@id\":\"https:\/\/formkraft.dk\/en\/textiles-bring-humanity-to-our-public-spaces\/#breadcrumb\",\"itemListElement\":[{\"@type\":\"ListItem\",\"position\":1,\"name\":\"Hjem\",\"item\":\"https:\/\/formkraft.dk\/en\/\"},{\"@type\":\"ListItem\",\"position\":2,\"name\":\"Textiles bring humanity to our public spaces\"}]},{\"@type\":\"WebSite\",\"@id\":\"https:\/\/formkraft.dk\/#website\",\"url\":\"https:\/\/formkraft.dk\/\",\"name\":\"Formkraft\",\"description\":\"Journal for Crafts & Design\",\"publisher\":{\"@id\":\"https:\/\/formkraft.dk\/#organization\"},\"potentialAction\":[{\"@type\":\"SearchAction\",\"target\":{\"@type\":\"EntryPoint\",\"urlTemplate\":\"https:\/\/formkraft.dk\/?s={search_term_string}\"},\"query-input\":{\"@type\":\"PropertyValueSpecification\",\"valueRequired\":true,\"valueName\":\"search_term_string\"}}],\"inLanguage\":\"en-US\"},{\"@type\":\"Organization\",\"@id\":\"https:\/\/formkraft.dk\/#organization\",\"name\":\"Formkraft\",\"url\":\"https:\/\/formkraft.dk\/\",\"logo\":{\"@type\":\"ImageObject\",\"inLanguage\":\"en-US\",\"@id\":\"https:\/\/formkraft.dk\/#\/schema\/logo\/image\/\",\"url\":\"https:\/\/formkraft.dk\/wp-content\/uploads\/2021\/02\/logo.png\",\"contentUrl\":\"https:\/\/formkraft.dk\/wp-content\/uploads\/2021\/02\/logo.png\",\"width\":952,\"height\":150,\"caption\":\"Formkraft\"},\"image\":{\"@id\":\"https:\/\/formkraft.dk\/#\/schema\/logo\/image\/\"}},{\"@type\":\"Person\",\"@id\":\"https:\/\/formkraft.dk\/#\/schema\/person\/02fb9bdd0cd40f262ed9f00aee9fe076\",\"name\":\"Helle Severinsen\",\"url\":\"https:\/\/formkraft.dk\/en\/author\/hds\/\"}]}<\/script>\n<!-- \/ Yoast SEO plugin. -->","yoast_head_json":{"title":"Textiles bring humanity to our public spaces - Formkraft","description":"Tekstilerne forbinder rum, kunst og mennesker. Sanne Ransby fort\u00e6ller om tekstilernes v\u00e6rdi i offentlige rum og sin egen inspiration.","robots":{"index":"index","follow":"follow","max-snippet":"max-snippet:-1","max-image-preview":"max-image-preview:large","max-video-preview":"max-video-preview:-1"},"canonical":"https:\/\/formkraft.dk\/en\/textiles-bring-humanity-to-our-public-spaces\/","og_locale":"en_US","og_type":"article","og_title":"Tekstilerne tilf\u00f8rer menneskelighed til vores offentlige rum","og_description":"Billedv\u00e6ver Sanne Ransbys tekstiler h\u00e6nger blandt andet i \u00d8stre Landsret. Her fort\u00e6ller hun om den v\u00e6rdi tekstilerne tilf\u00f8rer offentlige rum. L\u00e6s interview p\u00e5 Formkraft","og_url":"https:\/\/formkraft.dk\/en\/textiles-bring-humanity-to-our-public-spaces\/","og_site_name":"Formkraft","article_published_time":"2023-06-23T07:49:28+00:00","article_modified_time":"2023-07-07T14:38:05+00:00","og_image":[{"width":2000,"height":2500,"url":"https:\/\/formkraft.dk\/wp-content\/uploads\/2023\/06\/LOW_Sampled_Horizon_Sanne_Ransby_2021_website_Photo_Andreas_Bang_Kirkegaard.jpg","type":"image\/jpeg"}],"author":"Helle Severinsen","twitter_card":"summary_large_image","twitter_misc":{"Written by":"Helle Severinsen"},"schema":{"@context":"https:\/\/schema.org","@graph":[{"@type":"Article","@id":"https:\/\/formkraft.dk\/en\/textiles-bring-humanity-to-our-public-spaces\/#article","isPartOf":{"@id":"https:\/\/formkraft.dk\/en\/textiles-bring-humanity-to-our-public-spaces\/"},"author":{"name":"Helle Severinsen","@id":"https:\/\/formkraft.dk\/#\/schema\/person\/02fb9bdd0cd40f262ed9f00aee9fe076"},"headline":"Textiles bring humanity to our public spaces","datePublished":"2023-06-23T07:49:28+00:00","dateModified":"2023-07-07T14:38:05+00:00","mainEntityOfPage":{"@id":"https:\/\/formkraft.dk\/en\/textiles-bring-humanity-to-our-public-spaces\/"},"wordCount":7,"publisher":{"@id":"https:\/\/formkraft.dk\/#organization"},"image":{"@id":"https:\/\/formkraft.dk\/en\/textiles-bring-humanity-to-our-public-spaces\/#primaryimage"},"thumbnailUrl":"https:\/\/formkraft.dk\/wp-content\/uploads\/2023\/06\/LOW_Sampled_Horizon_Sanne_Ransby_2021_website_Photo_Andreas_Bang_Kirkegaard.jpg","articleSection":["Decoration","Textile"],"inLanguage":"en-US"},{"@type":"WebPage","@id":"https:\/\/formkraft.dk\/en\/textiles-bring-humanity-to-our-public-spaces\/","url":"https:\/\/formkraft.dk\/en\/textiles-bring-humanity-to-our-public-spaces\/","name":"Textiles bring humanity to our public spaces - Formkraft","isPartOf":{"@id":"https:\/\/formkraft.dk\/#website"},"primaryImageOfPage":{"@id":"https:\/\/formkraft.dk\/en\/textiles-bring-humanity-to-our-public-spaces\/#primaryimage"},"image":{"@id":"https:\/\/formkraft.dk\/en\/textiles-bring-humanity-to-our-public-spaces\/#primaryimage"},"thumbnailUrl":"https:\/\/formkraft.dk\/wp-content\/uploads\/2023\/06\/LOW_Sampled_Horizon_Sanne_Ransby_2021_website_Photo_Andreas_Bang_Kirkegaard.jpg","datePublished":"2023-06-23T07:49:28+00:00","dateModified":"2023-07-07T14:38:05+00:00","description":"Tekstilerne forbinder rum, kunst og mennesker. Sanne Ransby fort\u00e6ller om tekstilernes v\u00e6rdi i offentlige rum og sin egen inspiration.","breadcrumb":{"@id":"https:\/\/formkraft.dk\/en\/textiles-bring-humanity-to-our-public-spaces\/#breadcrumb"},"inLanguage":"en-US","potentialAction":[{"@type":"ReadAction","target":["https:\/\/formkraft.dk\/en\/textiles-bring-humanity-to-our-public-spaces\/"]}]},{"@type":"ImageObject","inLanguage":"en-US","@id":"https:\/\/formkraft.dk\/en\/textiles-bring-humanity-to-our-public-spaces\/#primaryimage","url":"https:\/\/formkraft.dk\/wp-content\/uploads\/2023\/06\/LOW_Sampled_Horizon_Sanne_Ransby_2021_website_Photo_Andreas_Bang_Kirkegaard.jpg","contentUrl":"https:\/\/formkraft.dk\/wp-content\/uploads\/2023\/06\/LOW_Sampled_Horizon_Sanne_Ransby_2021_website_Photo_Andreas_Bang_Kirkegaard.jpg","width":2000,"height":2500,"caption":"Billedv\u00e6ver Sanne Ransby. Fotograf Iben West."},{"@type":"BreadcrumbList","@id":"https:\/\/formkraft.dk\/en\/textiles-bring-humanity-to-our-public-spaces\/#breadcrumb","itemListElement":[{"@type":"ListItem","position":1,"name":"Hjem","item":"https:\/\/formkraft.dk\/en\/"},{"@type":"ListItem","position":2,"name":"Textiles bring humanity to our public spaces"}]},{"@type":"WebSite","@id":"https:\/\/formkraft.dk\/#website","url":"https:\/\/formkraft.dk\/","name":"Formkraft","description":"Journal for Crafts & Design","publisher":{"@id":"https:\/\/formkraft.dk\/#organization"},"potentialAction":[{"@type":"SearchAction","target":{"@type":"EntryPoint","urlTemplate":"https:\/\/formkraft.dk\/?s={search_term_string}"},"query-input":{"@type":"PropertyValueSpecification","valueRequired":true,"valueName":"search_term_string"}}],"inLanguage":"en-US"},{"@type":"Organization","@id":"https:\/\/formkraft.dk\/#organization","name":"Formkraft","url":"https:\/\/formkraft.dk\/","logo":{"@type":"ImageObject","inLanguage":"en-US","@id":"https:\/\/formkraft.dk\/#\/schema\/logo\/image\/","url":"https:\/\/formkraft.dk\/wp-content\/uploads\/2021\/02\/logo.png","contentUrl":"https:\/\/formkraft.dk\/wp-content\/uploads\/2021\/02\/logo.png","width":952,"height":150,"caption":"Formkraft"},"image":{"@id":"https:\/\/formkraft.dk\/#\/schema\/logo\/image\/"}},{"@type":"Person","@id":"https:\/\/formkraft.dk\/#\/schema\/person\/02fb9bdd0cd40f262ed9f00aee9fe076","name":"Helle Severinsen","url":"https:\/\/formkraft.dk\/en\/author\/hds\/"}]}},"_links":{"self":[{"href":"https:\/\/formkraft.dk\/en\/wp-json\/wp\/v2\/posts\/5363","targetHints":{"allow":["GET"]}}],"collection":[{"href":"https:\/\/formkraft.dk\/en\/wp-json\/wp\/v2\/posts"}],"about":[{"href":"https:\/\/formkraft.dk\/en\/wp-json\/wp\/v2\/types\/post"}],"author":[{"embeddable":true,"href":"https:\/\/formkraft.dk\/en\/wp-json\/wp\/v2\/users\/14"}],"replies":[{"embeddable":true,"href":"https:\/\/formkraft.dk\/en\/wp-json\/wp\/v2\/comments?post=5363"}],"version-history":[{"count":0,"href":"https:\/\/formkraft.dk\/en\/wp-json\/wp\/v2\/posts\/5363\/revisions"}],"wp:featuredmedia":[{"embeddable":true,"href":"https:\/\/formkraft.dk\/en\/wp-json\/wp\/v2\/media\/5354"}],"wp:attachment":[{"href":"https:\/\/formkraft.dk\/en\/wp-json\/wp\/v2\/media?parent=5363"}],"wp:term":[{"taxonomy":"category","embeddable":true,"href":"https:\/\/formkraft.dk\/en\/wp-json\/wp\/v2\/categories?post=5363"},{"taxonomy":"post_tag","embeddable":true,"href":"https:\/\/formkraft.dk\/en\/wp-json\/wp\/v2\/tags?post=5363"}],"curies":[{"name":"wp","href":"https:\/\/api.w.org\/{rel}","templated":true}]}}