{"id":6891,"date":"2025-04-28T13:07:52","date_gmt":"2025-04-28T11:07:52","guid":{"rendered":"https:\/\/formkraft.dk\/designmuseum-danmark-skruer-op-for-samtiden\/"},"modified":"2025-04-28T13:22:32","modified_gmt":"2025-04-28T11:22:32","slug":"designmuseum-denmark-amplifies-contemporary-voices","status":"publish","type":"post","link":"https:\/\/formkraft.dk\/en\/designmuseum-denmark-amplifies-contemporary-voices\/","title":{"rendered":"Designmuseum Denmark Amplifies Contemporary Voices"},"content":{"rendered":"","protected":false},"excerpt":{"rendered":"","protected":false},"author":14,"featured_media":6887,"comment_status":"closed","ping_status":"closed","sticky":false,"template":"","format":"standard","meta":{"_acf_changed":false,"footnotes":""},"categories":[270,39,274,273],"tags":[],"class_list":["post-6891","post","type-post","status-publish","format-standard","has-post-thumbnail","hentry","category-curating","category-exhibitions","category-kunsthal-en","category-museum-en","theme-scenes-of-crafts","article_type-interview-en"],"acf":[],"yoast_head":"<!-- This site is optimized with the Yoast SEO plugin v27.1.1 - https:\/\/yoast.com\/product\/yoast-seo-wordpress\/ -->\n<title>Designmuseum Denmark Amplifies Contemporary Voices - Formkraft<\/title>\n<meta name=\"description\" content=\"Designmuseum Denmark Amplifies Contemporary Voices.\" \/>\n<meta name=\"robots\" content=\"index, follow, max-snippet:-1, max-image-preview:large, max-video-preview:-1\" \/>\n<link rel=\"canonical\" href=\"https:\/\/formkraft.dk\/en\/designmuseum-denmark-amplifies-contemporary-voices\/\" \/>\n<meta property=\"og:locale\" content=\"en_US\" \/>\n<meta property=\"og:type\" content=\"article\" \/>\n<meta property=\"og:title\" content=\"Designmuseum Danmark skruer op for samtiden\" \/>\n<meta property=\"og:description\" content=\"Designmuseum Danmark skruer op for samtiden. Udstillings og samlingschef Christian Holmsted Olesen fort\u00e6ller om museets fremtidsplaner. Nutidens design og kunsth\u00e5ndv\u00e6rk foldes ud p\u00e5 en ny m\u00e5de, n\u00e5r Designmuseum Danmark \u00e5bner afdelingen Laboratorium. Foto: Anders Hermansen. Fotograf Mathias Eis. Designmuseum Danmark\" \/>\n<meta property=\"og:url\" content=\"https:\/\/formkraft.dk\/en\/designmuseum-denmark-amplifies-contemporary-voices\/\" \/>\n<meta property=\"og:site_name\" content=\"Formkraft\" \/>\n<meta property=\"article:published_time\" content=\"2025-04-28T11:07:52+00:00\" \/>\n<meta property=\"article:modified_time\" content=\"2025-04-28T11:22:32+00:00\" \/>\n<meta property=\"og:image\" content=\"https:\/\/formkraft.dk\/wp-content\/uploads\/2025\/04\/Anders-Hermansen-i-sit-vaerksted.-Foto_Mathias-Eis.jpg\" \/>\n\t<meta property=\"og:image:width\" content=\"1841\" \/>\n\t<meta property=\"og:image:height\" content=\"1045\" \/>\n\t<meta property=\"og:image:type\" content=\"image\/jpeg\" \/>\n<meta name=\"author\" content=\"Helle Severinsen\" \/>\n<meta name=\"twitter:card\" content=\"summary_large_image\" \/>\n<meta name=\"twitter:label1\" content=\"Written by\" \/>\n\t<meta name=\"twitter:data1\" content=\"Helle Severinsen\" \/>\n\t<meta name=\"twitter:label2\" content=\"Est. reading time\" \/>\n\t<meta name=\"twitter:data2\" content=\"1 minute\" \/>\n<script type=\"application\/ld+json\" class=\"yoast-schema-graph\">{\"@context\":\"https:\/\/schema.org\",\"@graph\":[{\"@type\":\"Article\",\"@id\":\"https:\/\/formkraft.dk\/en\/designmuseum-denmark-amplifies-contemporary-voices\/#article\",\"isPartOf\":{\"@id\":\"https:\/\/formkraft.dk\/en\/designmuseum-denmark-amplifies-contemporary-voices\/\"},\"author\":{\"name\":\"Helle Severinsen\",\"@id\":\"https:\/\/formkraft.dk\/#\/schema\/person\/02fb9bdd0cd40f262ed9f00aee9fe076\"},\"headline\":\"Designmuseum Denmark Amplifies Contemporary Voices\",\"datePublished\":\"2025-04-28T11:07:52+00:00\",\"dateModified\":\"2025-04-28T11:22:32+00:00\",\"mainEntityOfPage\":{\"@id\":\"https:\/\/formkraft.dk\/en\/designmuseum-denmark-amplifies-contemporary-voices\/\"},\"wordCount\":5,\"publisher\":{\"@id\":\"https:\/\/formkraft.dk\/#organization\"},\"image\":{\"@id\":\"https:\/\/formkraft.dk\/en\/designmuseum-denmark-amplifies-contemporary-voices\/#primaryimage\"},\"thumbnailUrl\":\"https:\/\/formkraft.dk\/wp-content\/uploads\/2025\/04\/Udsnit_AndersHermansen.FotografMathiasEis.DesignmuseumDanmark.jpg\",\"articleSection\":[\"Curating\",\"Exhibitions\",\"Kunsthal\",\"Museum\"],\"inLanguage\":\"en-US\"},{\"@type\":\"WebPage\",\"@id\":\"https:\/\/formkraft.dk\/en\/designmuseum-denmark-amplifies-contemporary-voices\/\",\"url\":\"https:\/\/formkraft.dk\/en\/designmuseum-denmark-amplifies-contemporary-voices\/\",\"name\":\"Designmuseum Denmark Amplifies Contemporary Voices - Formkraft\",\"isPartOf\":{\"@id\":\"https:\/\/formkraft.dk\/#website\"},\"primaryImageOfPage\":{\"@id\":\"https:\/\/formkraft.dk\/en\/designmuseum-denmark-amplifies-contemporary-voices\/#primaryimage\"},\"image\":{\"@id\":\"https:\/\/formkraft.dk\/en\/designmuseum-denmark-amplifies-contemporary-voices\/#primaryimage\"},\"thumbnailUrl\":\"https:\/\/formkraft.dk\/wp-content\/uploads\/2025\/04\/Udsnit_AndersHermansen.FotografMathiasEis.DesignmuseumDanmark.jpg\",\"datePublished\":\"2025-04-28T11:07:52+00:00\",\"dateModified\":\"2025-04-28T11:22:32+00:00\",\"description\":\"Designmuseum Denmark Amplifies Contemporary Voices.\",\"breadcrumb\":{\"@id\":\"https:\/\/formkraft.dk\/en\/designmuseum-denmark-amplifies-contemporary-voices\/#breadcrumb\"},\"inLanguage\":\"en-US\",\"potentialAction\":[{\"@type\":\"ReadAction\",\"target\":[\"https:\/\/formkraft.dk\/en\/designmuseum-denmark-amplifies-contemporary-voices\/\"]}]},{\"@type\":\"ImageObject\",\"inLanguage\":\"en-US\",\"@id\":\"https:\/\/formkraft.dk\/en\/designmuseum-denmark-amplifies-contemporary-voices\/#primaryimage\",\"url\":\"https:\/\/formkraft.dk\/wp-content\/uploads\/2025\/04\/Udsnit_AndersHermansen.FotografMathiasEis.DesignmuseumDanmark.jpg\",\"contentUrl\":\"https:\/\/formkraft.dk\/wp-content\/uploads\/2025\/04\/Udsnit_AndersHermansen.FotografMathiasEis.DesignmuseumDanmark.jpg\",\"width\":922,\"height\":1040,\"caption\":\"Anders Hermansen. Fotograf Mathias Eis. Designmuseum Danmark\"},{\"@type\":\"BreadcrumbList\",\"@id\":\"https:\/\/formkraft.dk\/en\/designmuseum-denmark-amplifies-contemporary-voices\/#breadcrumb\",\"itemListElement\":[{\"@type\":\"ListItem\",\"position\":1,\"name\":\"Hjem\",\"item\":\"https:\/\/formkraft.dk\/en\/\"},{\"@type\":\"ListItem\",\"position\":2,\"name\":\"Designmuseum Denmark Amplifies Contemporary Voices\"}]},{\"@type\":\"WebSite\",\"@id\":\"https:\/\/formkraft.dk\/#website\",\"url\":\"https:\/\/formkraft.dk\/\",\"name\":\"Formkraft\",\"description\":\"Journal for Crafts & Design\",\"publisher\":{\"@id\":\"https:\/\/formkraft.dk\/#organization\"},\"potentialAction\":[{\"@type\":\"SearchAction\",\"target\":{\"@type\":\"EntryPoint\",\"urlTemplate\":\"https:\/\/formkraft.dk\/?s={search_term_string}\"},\"query-input\":{\"@type\":\"PropertyValueSpecification\",\"valueRequired\":true,\"valueName\":\"search_term_string\"}}],\"inLanguage\":\"en-US\"},{\"@type\":\"Organization\",\"@id\":\"https:\/\/formkraft.dk\/#organization\",\"name\":\"Formkraft\",\"url\":\"https:\/\/formkraft.dk\/\",\"logo\":{\"@type\":\"ImageObject\",\"inLanguage\":\"en-US\",\"@id\":\"https:\/\/formkraft.dk\/#\/schema\/logo\/image\/\",\"url\":\"https:\/\/formkraft.dk\/wp-content\/uploads\/2021\/02\/logo.png\",\"contentUrl\":\"https:\/\/formkraft.dk\/wp-content\/uploads\/2021\/02\/logo.png\",\"width\":952,\"height\":150,\"caption\":\"Formkraft\"},\"image\":{\"@id\":\"https:\/\/formkraft.dk\/#\/schema\/logo\/image\/\"}},{\"@type\":\"Person\",\"@id\":\"https:\/\/formkraft.dk\/#\/schema\/person\/02fb9bdd0cd40f262ed9f00aee9fe076\",\"name\":\"Helle Severinsen\",\"url\":\"https:\/\/formkraft.dk\/en\/author\/hds\/\"}]}<\/script>\n<!-- \/ Yoast SEO plugin. -->","yoast_head_json":{"title":"Designmuseum Denmark Amplifies Contemporary Voices - Formkraft","description":"Designmuseum Denmark Amplifies Contemporary Voices.","robots":{"index":"index","follow":"follow","max-snippet":"max-snippet:-1","max-image-preview":"max-image-preview:large","max-video-preview":"max-video-preview:-1"},"canonical":"https:\/\/formkraft.dk\/en\/designmuseum-denmark-amplifies-contemporary-voices\/","og_locale":"en_US","og_type":"article","og_title":"Designmuseum Danmark skruer op for samtiden","og_description":"Designmuseum Danmark skruer op for samtiden. Udstillings og samlingschef Christian Holmsted Olesen fort\u00e6ller om museets fremtidsplaner. Nutidens design og kunsth\u00e5ndv\u00e6rk foldes ud p\u00e5 en ny m\u00e5de, n\u00e5r Designmuseum Danmark \u00e5bner afdelingen Laboratorium. Foto: Anders Hermansen. Fotograf Mathias Eis. Designmuseum Danmark","og_url":"https:\/\/formkraft.dk\/en\/designmuseum-denmark-amplifies-contemporary-voices\/","og_site_name":"Formkraft","article_published_time":"2025-04-28T11:07:52+00:00","article_modified_time":"2025-04-28T11:22:32+00:00","og_image":[{"width":1841,"height":1045,"url":"https:\/\/formkraft.dk\/wp-content\/uploads\/2025\/04\/Anders-Hermansen-i-sit-vaerksted.-Foto_Mathias-Eis.jpg","type":"image\/jpeg"}],"author":"Helle Severinsen","twitter_card":"summary_large_image","twitter_misc":{"Written by":"Helle Severinsen","Est. reading time":"1 minute"},"schema":{"@context":"https:\/\/schema.org","@graph":[{"@type":"Article","@id":"https:\/\/formkraft.dk\/en\/designmuseum-denmark-amplifies-contemporary-voices\/#article","isPartOf":{"@id":"https:\/\/formkraft.dk\/en\/designmuseum-denmark-amplifies-contemporary-voices\/"},"author":{"name":"Helle Severinsen","@id":"https:\/\/formkraft.dk\/#\/schema\/person\/02fb9bdd0cd40f262ed9f00aee9fe076"},"headline":"Designmuseum Denmark Amplifies Contemporary Voices","datePublished":"2025-04-28T11:07:52+00:00","dateModified":"2025-04-28T11:22:32+00:00","mainEntityOfPage":{"@id":"https:\/\/formkraft.dk\/en\/designmuseum-denmark-amplifies-contemporary-voices\/"},"wordCount":5,"publisher":{"@id":"https:\/\/formkraft.dk\/#organization"},"image":{"@id":"https:\/\/formkraft.dk\/en\/designmuseum-denmark-amplifies-contemporary-voices\/#primaryimage"},"thumbnailUrl":"https:\/\/formkraft.dk\/wp-content\/uploads\/2025\/04\/Udsnit_AndersHermansen.FotografMathiasEis.DesignmuseumDanmark.jpg","articleSection":["Curating","Exhibitions","Kunsthal","Museum"],"inLanguage":"en-US"},{"@type":"WebPage","@id":"https:\/\/formkraft.dk\/en\/designmuseum-denmark-amplifies-contemporary-voices\/","url":"https:\/\/formkraft.dk\/en\/designmuseum-denmark-amplifies-contemporary-voices\/","name":"Designmuseum Denmark Amplifies Contemporary Voices - Formkraft","isPartOf":{"@id":"https:\/\/formkraft.dk\/#website"},"primaryImageOfPage":{"@id":"https:\/\/formkraft.dk\/en\/designmuseum-denmark-amplifies-contemporary-voices\/#primaryimage"},"image":{"@id":"https:\/\/formkraft.dk\/en\/designmuseum-denmark-amplifies-contemporary-voices\/#primaryimage"},"thumbnailUrl":"https:\/\/formkraft.dk\/wp-content\/uploads\/2025\/04\/Udsnit_AndersHermansen.FotografMathiasEis.DesignmuseumDanmark.jpg","datePublished":"2025-04-28T11:07:52+00:00","dateModified":"2025-04-28T11:22:32+00:00","description":"Designmuseum Denmark Amplifies Contemporary Voices.","breadcrumb":{"@id":"https:\/\/formkraft.dk\/en\/designmuseum-denmark-amplifies-contemporary-voices\/#breadcrumb"},"inLanguage":"en-US","potentialAction":[{"@type":"ReadAction","target":["https:\/\/formkraft.dk\/en\/designmuseum-denmark-amplifies-contemporary-voices\/"]}]},{"@type":"ImageObject","inLanguage":"en-US","@id":"https:\/\/formkraft.dk\/en\/designmuseum-denmark-amplifies-contemporary-voices\/#primaryimage","url":"https:\/\/formkraft.dk\/wp-content\/uploads\/2025\/04\/Udsnit_AndersHermansen.FotografMathiasEis.DesignmuseumDanmark.jpg","contentUrl":"https:\/\/formkraft.dk\/wp-content\/uploads\/2025\/04\/Udsnit_AndersHermansen.FotografMathiasEis.DesignmuseumDanmark.jpg","width":922,"height":1040,"caption":"Anders Hermansen. Fotograf Mathias Eis. Designmuseum Danmark"},{"@type":"BreadcrumbList","@id":"https:\/\/formkraft.dk\/en\/designmuseum-denmark-amplifies-contemporary-voices\/#breadcrumb","itemListElement":[{"@type":"ListItem","position":1,"name":"Hjem","item":"https:\/\/formkraft.dk\/en\/"},{"@type":"ListItem","position":2,"name":"Designmuseum Denmark Amplifies Contemporary Voices"}]},{"@type":"WebSite","@id":"https:\/\/formkraft.dk\/#website","url":"https:\/\/formkraft.dk\/","name":"Formkraft","description":"Journal for Crafts & Design","publisher":{"@id":"https:\/\/formkraft.dk\/#organization"},"potentialAction":[{"@type":"SearchAction","target":{"@type":"EntryPoint","urlTemplate":"https:\/\/formkraft.dk\/?s={search_term_string}"},"query-input":{"@type":"PropertyValueSpecification","valueRequired":true,"valueName":"search_term_string"}}],"inLanguage":"en-US"},{"@type":"Organization","@id":"https:\/\/formkraft.dk\/#organization","name":"Formkraft","url":"https:\/\/formkraft.dk\/","logo":{"@type":"ImageObject","inLanguage":"en-US","@id":"https:\/\/formkraft.dk\/#\/schema\/logo\/image\/","url":"https:\/\/formkraft.dk\/wp-content\/uploads\/2021\/02\/logo.png","contentUrl":"https:\/\/formkraft.dk\/wp-content\/uploads\/2021\/02\/logo.png","width":952,"height":150,"caption":"Formkraft"},"image":{"@id":"https:\/\/formkraft.dk\/#\/schema\/logo\/image\/"}},{"@type":"Person","@id":"https:\/\/formkraft.dk\/#\/schema\/person\/02fb9bdd0cd40f262ed9f00aee9fe076","name":"Helle Severinsen","url":"https:\/\/formkraft.dk\/en\/author\/hds\/"}]}},"_links":{"self":[{"href":"https:\/\/formkraft.dk\/en\/wp-json\/wp\/v2\/posts\/6891","targetHints":{"allow":["GET"]}}],"collection":[{"href":"https:\/\/formkraft.dk\/en\/wp-json\/wp\/v2\/posts"}],"about":[{"href":"https:\/\/formkraft.dk\/en\/wp-json\/wp\/v2\/types\/post"}],"author":[{"embeddable":true,"href":"https:\/\/formkraft.dk\/en\/wp-json\/wp\/v2\/users\/14"}],"replies":[{"embeddable":true,"href":"https:\/\/formkraft.dk\/en\/wp-json\/wp\/v2\/comments?post=6891"}],"version-history":[{"count":0,"href":"https:\/\/formkraft.dk\/en\/wp-json\/wp\/v2\/posts\/6891\/revisions"}],"wp:featuredmedia":[{"embeddable":true,"href":"https:\/\/formkraft.dk\/en\/wp-json\/wp\/v2\/media\/6887"}],"wp:attachment":[{"href":"https:\/\/formkraft.dk\/en\/wp-json\/wp\/v2\/media?parent=6891"}],"wp:term":[{"taxonomy":"category","embeddable":true,"href":"https:\/\/formkraft.dk\/en\/wp-json\/wp\/v2\/categories?post=6891"},{"taxonomy":"post_tag","embeddable":true,"href":"https:\/\/formkraft.dk\/en\/wp-json\/wp\/v2\/tags?post=6891"}],"curies":[{"name":"wp","href":"https:\/\/api.w.org\/{rel}","templated":true}]}}