{"id":7521,"date":"2025-12-11T15:53:06","date_gmt":"2025-12-11T14:53:06","guid":{"rendered":"https:\/\/formkraft.dk\/det-mest-radikale-oproer-er-stille\/"},"modified":"2025-12-18T10:18:04","modified_gmt":"2025-12-18T09:18:04","slug":"the-most-radical-rebellion-is-silent","status":"publish","type":"post","link":"https:\/\/formkraft.dk\/en\/the-most-radical-rebellion-is-silent\/","title":{"rendered":"The most radical rebellion is silent"},"content":{"rendered":"","protected":false},"excerpt":{"rendered":"","protected":false},"author":14,"featured_media":7500,"comment_status":"closed","ping_status":"closed","sticky":false,"template":"","format":"standard","meta":{"_acf_changed":false,"footnotes":""},"categories":[54,183,190,245,291],"tags":[],"class_list":["post-7521","post","type-post","status-publish","format-standard","has-post-thumbnail","hentry","category-aesthetics","category-artistic-craft","category-design-en","category-identity","category-statement","theme-statement","article_type-article"],"acf":[],"yoast_head":"<!-- This site is optimized with the Yoast SEO plugin v27.1.1 - https:\/\/yoast.com\/product\/yoast-seo-wordpress\/ -->\n<title>The most radical rebellion is silent - Formkraft<\/title>\n<meta name=\"description\" content=\"The most radical rebellion is silent\" \/>\n<meta name=\"robots\" content=\"index, follow, max-snippet:-1, max-image-preview:large, max-video-preview:-1\" \/>\n<link rel=\"canonical\" href=\"https:\/\/formkraft.dk\/en\/the-most-radical-rebellion-is-silent\/\" \/>\n<meta property=\"og:locale\" content=\"en_US\" \/>\n<meta property=\"og:type\" content=\"article\" \/>\n<meta property=\"og:title\" content=\"The most radical rebellion is silent - Formkraft\" \/>\n<meta property=\"og:description\" content=\"The most radical rebellion is silent\" \/>\n<meta property=\"og:url\" content=\"https:\/\/formkraft.dk\/en\/the-most-radical-rebellion-is-silent\/\" \/>\n<meta property=\"og:site_name\" content=\"Formkraft\" \/>\n<meta property=\"article:published_time\" content=\"2025-12-11T14:53:06+00:00\" \/>\n<meta property=\"article:modified_time\" content=\"2025-12-18T09:18:04+00:00\" \/>\n<meta property=\"og:image\" content=\"https:\/\/formkraft.dk\/wp-content\/uploads\/2025\/12\/250103_ANNASOeGAARD46935-1.jpeg\" \/>\n\t<meta property=\"og:image:width\" content=\"481\" \/>\n\t<meta property=\"og:image:height\" content=\"640\" \/>\n\t<meta property=\"og:image:type\" content=\"image\/jpeg\" \/>\n<meta name=\"author\" content=\"Helle Severinsen\" \/>\n<meta name=\"twitter:card\" content=\"summary_large_image\" \/>\n<meta name=\"twitter:label1\" content=\"Written by\" \/>\n\t<meta name=\"twitter:data1\" content=\"Helle Severinsen\" \/>\n\t<meta name=\"twitter:label2\" content=\"Est. reading time\" \/>\n\t<meta name=\"twitter:data2\" content=\"11 minutes\" \/>\n<script type=\"application\/ld+json\" class=\"yoast-schema-graph\">{\"@context\":\"https:\/\/schema.org\",\"@graph\":[{\"@type\":\"Article\",\"@id\":\"https:\/\/formkraft.dk\/en\/the-most-radical-rebellion-is-silent\/#article\",\"isPartOf\":{\"@id\":\"https:\/\/formkraft.dk\/en\/the-most-radical-rebellion-is-silent\/\"},\"author\":{\"name\":\"Helle Severinsen\",\"@id\":\"https:\/\/formkraft.dk\/#\/schema\/person\/02fb9bdd0cd40f262ed9f00aee9fe076\"},\"headline\":\"The most radical rebellion is silent\",\"datePublished\":\"2025-12-11T14:53:06+00:00\",\"dateModified\":\"2025-12-18T09:18:04+00:00\",\"mainEntityOfPage\":{\"@id\":\"https:\/\/formkraft.dk\/en\/the-most-radical-rebellion-is-silent\/\"},\"wordCount\":6,\"publisher\":{\"@id\":\"https:\/\/formkraft.dk\/#organization\"},\"image\":{\"@id\":\"https:\/\/formkraft.dk\/en\/the-most-radical-rebellion-is-silent\/#primaryimage\"},\"thumbnailUrl\":\"https:\/\/formkraft.dk\/wp-content\/uploads\/2025\/12\/250103_ANNASOeGAARD46935-1.jpeg\",\"articleSection\":[\"Aesthetics\",\"Artistic craft\",\"Design\",\"Identity\",\"Statement\"],\"inLanguage\":\"en-US\"},{\"@type\":\"WebPage\",\"@id\":\"https:\/\/formkraft.dk\/en\/the-most-radical-rebellion-is-silent\/\",\"url\":\"https:\/\/formkraft.dk\/en\/the-most-radical-rebellion-is-silent\/\",\"name\":\"The most radical rebellion is silent - Formkraft\",\"isPartOf\":{\"@id\":\"https:\/\/formkraft.dk\/#website\"},\"primaryImageOfPage\":{\"@id\":\"https:\/\/formkraft.dk\/en\/the-most-radical-rebellion-is-silent\/#primaryimage\"},\"image\":{\"@id\":\"https:\/\/formkraft.dk\/en\/the-most-radical-rebellion-is-silent\/#primaryimage\"},\"thumbnailUrl\":\"https:\/\/formkraft.dk\/wp-content\/uploads\/2025\/12\/250103_ANNASOeGAARD46935-1.jpeg\",\"datePublished\":\"2025-12-11T14:53:06+00:00\",\"dateModified\":\"2025-12-18T09:18:04+00:00\",\"description\":\"The most radical rebellion is silent\",\"breadcrumb\":{\"@id\":\"https:\/\/formkraft.dk\/en\/the-most-radical-rebellion-is-silent\/#breadcrumb\"},\"inLanguage\":\"en-US\",\"potentialAction\":[{\"@type\":\"ReadAction\",\"target\":[\"https:\/\/formkraft.dk\/en\/the-most-radical-rebellion-is-silent\/\"]}]},{\"@type\":\"ImageObject\",\"inLanguage\":\"en-US\",\"@id\":\"https:\/\/formkraft.dk\/en\/the-most-radical-rebellion-is-silent\/#primaryimage\",\"url\":\"https:\/\/formkraft.dk\/wp-content\/uploads\/2025\/12\/250103_ANNASOeGAARD46935-1.jpeg\",\"contentUrl\":\"https:\/\/formkraft.dk\/wp-content\/uploads\/2025\/12\/250103_ANNASOeGAARD46935-1.jpeg\",\"width\":481,\"height\":640,\"caption\":\"Anna S\u00f8gaard.Fotograf: Peter Vinther Tekst: V\u00e6rker p\u00e5 v\u00e6rksted, Prags Boulevard 61.\"},{\"@type\":\"BreadcrumbList\",\"@id\":\"https:\/\/formkraft.dk\/en\/the-most-radical-rebellion-is-silent\/#breadcrumb\",\"itemListElement\":[{\"@type\":\"ListItem\",\"position\":1,\"name\":\"Hjem\",\"item\":\"https:\/\/formkraft.dk\/en\/\"},{\"@type\":\"ListItem\",\"position\":2,\"name\":\"The most radical rebellion is silent\"}]},{\"@type\":\"WebSite\",\"@id\":\"https:\/\/formkraft.dk\/#website\",\"url\":\"https:\/\/formkraft.dk\/\",\"name\":\"Formkraft\",\"description\":\"Journal for Crafts & Design\",\"publisher\":{\"@id\":\"https:\/\/formkraft.dk\/#organization\"},\"potentialAction\":[{\"@type\":\"SearchAction\",\"target\":{\"@type\":\"EntryPoint\",\"urlTemplate\":\"https:\/\/formkraft.dk\/?s={search_term_string}\"},\"query-input\":{\"@type\":\"PropertyValueSpecification\",\"valueRequired\":true,\"valueName\":\"search_term_string\"}}],\"inLanguage\":\"en-US\"},{\"@type\":\"Organization\",\"@id\":\"https:\/\/formkraft.dk\/#organization\",\"name\":\"Formkraft\",\"url\":\"https:\/\/formkraft.dk\/\",\"logo\":{\"@type\":\"ImageObject\",\"inLanguage\":\"en-US\",\"@id\":\"https:\/\/formkraft.dk\/#\/schema\/logo\/image\/\",\"url\":\"https:\/\/formkraft.dk\/wp-content\/uploads\/2021\/02\/logo.png\",\"contentUrl\":\"https:\/\/formkraft.dk\/wp-content\/uploads\/2021\/02\/logo.png\",\"width\":952,\"height\":150,\"caption\":\"Formkraft\"},\"image\":{\"@id\":\"https:\/\/formkraft.dk\/#\/schema\/logo\/image\/\"}},{\"@type\":\"Person\",\"@id\":\"https:\/\/formkraft.dk\/#\/schema\/person\/02fb9bdd0cd40f262ed9f00aee9fe076\",\"name\":\"Helle Severinsen\",\"url\":\"https:\/\/formkraft.dk\/en\/author\/hds\/\"}]}<\/script>\n<!-- \/ Yoast SEO plugin. -->","yoast_head_json":{"title":"The most radical rebellion is silent - Formkraft","description":"The most radical rebellion is silent","robots":{"index":"index","follow":"follow","max-snippet":"max-snippet:-1","max-image-preview":"max-image-preview:large","max-video-preview":"max-video-preview:-1"},"canonical":"https:\/\/formkraft.dk\/en\/the-most-radical-rebellion-is-silent\/","og_locale":"en_US","og_type":"article","og_title":"The most radical rebellion is silent - Formkraft","og_description":"The most radical rebellion is silent","og_url":"https:\/\/formkraft.dk\/en\/the-most-radical-rebellion-is-silent\/","og_site_name":"Formkraft","article_published_time":"2025-12-11T14:53:06+00:00","article_modified_time":"2025-12-18T09:18:04+00:00","og_image":[{"width":481,"height":640,"url":"https:\/\/formkraft.dk\/wp-content\/uploads\/2025\/12\/250103_ANNASOeGAARD46935-1.jpeg","type":"image\/jpeg"}],"author":"Helle Severinsen","twitter_card":"summary_large_image","twitter_misc":{"Written by":"Helle Severinsen","Est. reading time":"11 minutes"},"schema":{"@context":"https:\/\/schema.org","@graph":[{"@type":"Article","@id":"https:\/\/formkraft.dk\/en\/the-most-radical-rebellion-is-silent\/#article","isPartOf":{"@id":"https:\/\/formkraft.dk\/en\/the-most-radical-rebellion-is-silent\/"},"author":{"name":"Helle Severinsen","@id":"https:\/\/formkraft.dk\/#\/schema\/person\/02fb9bdd0cd40f262ed9f00aee9fe076"},"headline":"The most radical rebellion is silent","datePublished":"2025-12-11T14:53:06+00:00","dateModified":"2025-12-18T09:18:04+00:00","mainEntityOfPage":{"@id":"https:\/\/formkraft.dk\/en\/the-most-radical-rebellion-is-silent\/"},"wordCount":6,"publisher":{"@id":"https:\/\/formkraft.dk\/#organization"},"image":{"@id":"https:\/\/formkraft.dk\/en\/the-most-radical-rebellion-is-silent\/#primaryimage"},"thumbnailUrl":"https:\/\/formkraft.dk\/wp-content\/uploads\/2025\/12\/250103_ANNASOeGAARD46935-1.jpeg","articleSection":["Aesthetics","Artistic craft","Design","Identity","Statement"],"inLanguage":"en-US"},{"@type":"WebPage","@id":"https:\/\/formkraft.dk\/en\/the-most-radical-rebellion-is-silent\/","url":"https:\/\/formkraft.dk\/en\/the-most-radical-rebellion-is-silent\/","name":"The most radical rebellion is silent - Formkraft","isPartOf":{"@id":"https:\/\/formkraft.dk\/#website"},"primaryImageOfPage":{"@id":"https:\/\/formkraft.dk\/en\/the-most-radical-rebellion-is-silent\/#primaryimage"},"image":{"@id":"https:\/\/formkraft.dk\/en\/the-most-radical-rebellion-is-silent\/#primaryimage"},"thumbnailUrl":"https:\/\/formkraft.dk\/wp-content\/uploads\/2025\/12\/250103_ANNASOeGAARD46935-1.jpeg","datePublished":"2025-12-11T14:53:06+00:00","dateModified":"2025-12-18T09:18:04+00:00","description":"The most radical rebellion is silent","breadcrumb":{"@id":"https:\/\/formkraft.dk\/en\/the-most-radical-rebellion-is-silent\/#breadcrumb"},"inLanguage":"en-US","potentialAction":[{"@type":"ReadAction","target":["https:\/\/formkraft.dk\/en\/the-most-radical-rebellion-is-silent\/"]}]},{"@type":"ImageObject","inLanguage":"en-US","@id":"https:\/\/formkraft.dk\/en\/the-most-radical-rebellion-is-silent\/#primaryimage","url":"https:\/\/formkraft.dk\/wp-content\/uploads\/2025\/12\/250103_ANNASOeGAARD46935-1.jpeg","contentUrl":"https:\/\/formkraft.dk\/wp-content\/uploads\/2025\/12\/250103_ANNASOeGAARD46935-1.jpeg","width":481,"height":640,"caption":"Anna S\u00f8gaard.Fotograf: Peter Vinther Tekst: V\u00e6rker p\u00e5 v\u00e6rksted, Prags Boulevard 61."},{"@type":"BreadcrumbList","@id":"https:\/\/formkraft.dk\/en\/the-most-radical-rebellion-is-silent\/#breadcrumb","itemListElement":[{"@type":"ListItem","position":1,"name":"Hjem","item":"https:\/\/formkraft.dk\/en\/"},{"@type":"ListItem","position":2,"name":"The most radical rebellion is silent"}]},{"@type":"WebSite","@id":"https:\/\/formkraft.dk\/#website","url":"https:\/\/formkraft.dk\/","name":"Formkraft","description":"Journal for Crafts & Design","publisher":{"@id":"https:\/\/formkraft.dk\/#organization"},"potentialAction":[{"@type":"SearchAction","target":{"@type":"EntryPoint","urlTemplate":"https:\/\/formkraft.dk\/?s={search_term_string}"},"query-input":{"@type":"PropertyValueSpecification","valueRequired":true,"valueName":"search_term_string"}}],"inLanguage":"en-US"},{"@type":"Organization","@id":"https:\/\/formkraft.dk\/#organization","name":"Formkraft","url":"https:\/\/formkraft.dk\/","logo":{"@type":"ImageObject","inLanguage":"en-US","@id":"https:\/\/formkraft.dk\/#\/schema\/logo\/image\/","url":"https:\/\/formkraft.dk\/wp-content\/uploads\/2021\/02\/logo.png","contentUrl":"https:\/\/formkraft.dk\/wp-content\/uploads\/2021\/02\/logo.png","width":952,"height":150,"caption":"Formkraft"},"image":{"@id":"https:\/\/formkraft.dk\/#\/schema\/logo\/image\/"}},{"@type":"Person","@id":"https:\/\/formkraft.dk\/#\/schema\/person\/02fb9bdd0cd40f262ed9f00aee9fe076","name":"Helle Severinsen","url":"https:\/\/formkraft.dk\/en\/author\/hds\/"}]}},"_links":{"self":[{"href":"https:\/\/formkraft.dk\/en\/wp-json\/wp\/v2\/posts\/7521","targetHints":{"allow":["GET"]}}],"collection":[{"href":"https:\/\/formkraft.dk\/en\/wp-json\/wp\/v2\/posts"}],"about":[{"href":"https:\/\/formkraft.dk\/en\/wp-json\/wp\/v2\/types\/post"}],"author":[{"embeddable":true,"href":"https:\/\/formkraft.dk\/en\/wp-json\/wp\/v2\/users\/14"}],"replies":[{"embeddable":true,"href":"https:\/\/formkraft.dk\/en\/wp-json\/wp\/v2\/comments?post=7521"}],"version-history":[{"count":0,"href":"https:\/\/formkraft.dk\/en\/wp-json\/wp\/v2\/posts\/7521\/revisions"}],"wp:featuredmedia":[{"embeddable":true,"href":"https:\/\/formkraft.dk\/en\/wp-json\/wp\/v2\/media\/7500"}],"wp:attachment":[{"href":"https:\/\/formkraft.dk\/en\/wp-json\/wp\/v2\/media?parent=7521"}],"wp:term":[{"taxonomy":"category","embeddable":true,"href":"https:\/\/formkraft.dk\/en\/wp-json\/wp\/v2\/categories?post=7521"},{"taxonomy":"post_tag","embeddable":true,"href":"https:\/\/formkraft.dk\/en\/wp-json\/wp\/v2\/tags?post=7521"}],"curies":[{"name":"wp","href":"https:\/\/api.w.org\/{rel}","templated":true}]}}